{"id":780,"date":"2018-09-26T14:54:31","date_gmt":"2018-09-26T12:54:31","guid":{"rendered":"http:\/\/abte.eu\/?p=780"},"modified":"2018-10-09T15:47:02","modified_gmt":"2018-10-09T13:47:02","slug":"portes-ouvertes-du-laboratoire-abte-12-14-octobre-2018","status":"publish","type":"post","link":"https:\/\/abte.eu\/index.php\/2018\/09\/26\/portes-ouvertes-du-laboratoire-abte-12-14-octobre-2018\/","title":{"rendered":"Portes ouvertes du laboratoire ABTE : 12-14 octobre 2018"},"content":{"rendered":"<p style=\"text-align: center;\">Dans le cadre de la<a href=\"http:\/\/recherche.unicaen.fr\/fete-de-la-science-2018\/portes-ouvertes\/portes-ouvertes-845402.kjsp\"> <strong>F\u00eate de la Science<\/strong><\/a><\/p>\n<p style=\"text-align: center;\">\u00e0 l\u2019Universit\u00e9 de Caen Normandie<\/p>\n<p style=\"text-align: center;\"><img loading=\"lazy\" decoding=\"async\" class=\"aligncenter wp-image-781\" src=\"http:\/\/abte.eu\/wp-content\/uploads\/2018\/09\/Bioreacteur-300x200.jpg\" alt=\"\" width=\"488\" height=\"325\" srcset=\"https:\/\/abte.eu\/wp-content\/uploads\/2018\/09\/Bioreacteur-300x200.jpg 300w, https:\/\/abte.eu\/wp-content\/uploads\/2018\/09\/Bioreacteur-768x512.jpg 768w, https:\/\/abte.eu\/wp-content\/uploads\/2018\/09\/Bioreacteur-1024x683.jpg 1024w, https:\/\/abte.eu\/wp-content\/uploads\/2018\/09\/Bioreacteur-1200x801.jpg 1200w\" sizes=\"auto, (max-width: 488px) 85vw, 488px\" \/><\/p>\n<p style=\"text-align: center;\">Visite guid\u00e9e des locaux de l\u2019UR ABTE<\/p>\n<p style=\"text-align: center;\">Equipe de recherche EcoTEA &#8211; Campus 2 &#8211; B\u00e2timent Sciences 2 au RDC<\/p>\n<p>Pr\u00e9sentation des th\u00e9matiques de recherche, des infrastructures, des moyens et des appareillages associ\u00e9s au domaine de la recherche sur la qualit\u00e9 des aliments et des environnements. D\u00e9monstration avec montage exp\u00e9rimental en cours.<\/p>\n<p><strong>Vendredi 12 octobre de 9h \u00e0 17h : publics scolaires<\/strong><\/p>\n<p><strong>Samedi 13 et dimanche 14 octobre de 10h \u00e0 17h\u202f: tout public<\/strong><\/p>\n<div class=\"encadres-deco firstencadre\"><em><strong>Inscription obligatoire\u00a0<\/strong><br \/>\n<\/em><em>Dur\u00e9e de la visite : 30 minutes<\/em><\/div>\n<div class=\"encadres-deco\">\n<p>CONTACT &amp; INSCRIPTIONS : <a href=\"mailto:jerome.ledauphin@unicaen.fr\">jerome.ledauphin@unicaen.fr<\/a><\/p>\n<\/div>\n","protected":false},"excerpt":{"rendered":"<p>Dans le cadre de la F\u00eate de la Science \u00e0 l\u2019Universit\u00e9 de Caen Normandie Visite guid\u00e9e des locaux de l\u2019UR ABTE Equipe de recherche EcoTEA &#8211; Campus 2 &#8211; B\u00e2timent Sciences 2 au RDC Pr\u00e9sentation des th\u00e9matiques de recherche, des infrastructures, des moyens et des appareillages associ\u00e9s au domaine de la recherche sur la qualit\u00e9 &hellip; <a href=\"https:\/\/abte.eu\/index.php\/2018\/09\/26\/portes-ouvertes-du-laboratoire-abte-12-14-octobre-2018\/\" class=\"more-link\">Continuer la lecture<span class=\"screen-reader-text\"> de &laquo;&nbsp;Portes ouvertes du laboratoire ABTE : 12-14 octobre 2018&nbsp;&raquo;<\/span><\/a><\/p>\n","protected":false},"author":4,"featured_media":0,"comment_status":"closed","ping_status":"closed","sticky":false,"template":"","format":"standard","meta":{"footnotes":""},"categories":[3],"tags":[],"class_list":["post-780","post","type-post","status-publish","format-standard","hentry","category-vie-de-lunite"],"_links":{"self":[{"href":"https:\/\/abte.eu\/index.php\/wp-json\/wp\/v2\/posts\/780","targetHints":{"allow":["GET"]}}],"collection":[{"href":"https:\/\/abte.eu\/index.php\/wp-json\/wp\/v2\/posts"}],"about":[{"href":"https:\/\/abte.eu\/index.php\/wp-json\/wp\/v2\/types\/post"}],"author":[{"embeddable":true,"href":"https:\/\/abte.eu\/index.php\/wp-json\/wp\/v2\/users\/4"}],"replies":[{"embeddable":true,"href":"https:\/\/abte.eu\/index.php\/wp-json\/wp\/v2\/comments?post=780"}],"version-history":[{"count":7,"href":"https:\/\/abte.eu\/index.php\/wp-json\/wp\/v2\/posts\/780\/revisions"}],"predecessor-version":[{"id":797,"href":"https:\/\/abte.eu\/index.php\/wp-json\/wp\/v2\/posts\/780\/revisions\/797"}],"wp:attachment":[{"href":"https:\/\/abte.eu\/index.php\/wp-json\/wp\/v2\/media?parent=780"}],"wp:term":[{"taxonomy":"category","embeddable":true,"href":"https:\/\/abte.eu\/index.php\/wp-json\/wp\/v2\/categories?post=780"},{"taxonomy":"post_tag","embeddable":true,"href":"https:\/\/abte.eu\/index.php\/wp-json\/wp\/v2\/tags?post=780"}],"curies":[{"name":"wp","href":"https:\/\/api.w.org\/{rel}","templated":true}]}}