{"id":589,"date":"2018-02-09T09:10:46","date_gmt":"2018-02-09T08:10:46","guid":{"rendered":"http:\/\/abte.eu\/?p=589"},"modified":"2018-05-17T17:13:52","modified_gmt":"2018-05-17T15:13:52","slug":"soutenance-de-these-de-serge-ouina","status":"publish","type":"post","link":"https:\/\/abte.eu\/index.php\/2018\/02\/09\/soutenance-de-these-de-serge-ouina\/","title":{"rendered":"Soutenance de th\u00e8se de Serge OUINA"},"content":{"rendered":"<p>Serge OUINA a soutenu sa th\u00e8se de Doctorat \u00e0 l\u2019Universit\u00e9 Nangui Abrogoua (Abidjan, R\u00e9publique de C\u00f4te d\u2019Ivoire) le\u00a0<span id=\"OBJ_PREFIX_DWT733_com_zimbra_date\" class=\"Object\" role=\"link\"><span id=\"OBJ_PREFIX_DWT738_com_zimbra_date\" class=\"Object\" role=\"link\">16 novembre 2017<\/span><\/span>. L\u2019intitul\u00e9 de sa th\u00e8se est\u00a0: <strong>Aptitude du ver de terre\u00a0<i>Eisenia fetida<\/i>\u00a0(Savigny, 1826) \u00e0 la lutte biologique contre\u00a0<i>Fusarium oxysporum<\/i>\u00a0f. sp.\u00a0<i>cubense<\/i>\u00a0race tropicale 4, agent pathog\u00e8ne de la fusariose du bananier<\/strong>.\u00a0Le jury a soulign\u00e9 que Serge avait fait un brillant expos\u00e9, et lui a d\u00e9cern\u00e9 le titre\u00a0\u00a0de Docteur de l\u2019Universit\u00e9 Nangui Abrogoua en \u00ab\u00a0Sciences et Technologies des Aliments\u00a0\u00bb, sp\u00e9cialit\u00e9\u00a0 \u00ab\u00a0Microbiologie et Biologie Mol\u00e9culaire\u00a0\u00bb avec la mention Tr\u00e8s Honorable.<\/p>\n","protected":false},"excerpt":{"rendered":"<p>Serge OUINA a soutenu sa th\u00e8se de Doctorat \u00e0 l\u2019Universit\u00e9 Nangui Abrogoua (Abidjan, R\u00e9publique de C\u00f4te d\u2019Ivoire) le\u00a016 novembre 2017. L\u2019intitul\u00e9 de sa th\u00e8se est\u00a0: Aptitude du ver de terre\u00a0Eisenia fetida\u00a0(Savigny, 1826) \u00e0 la lutte biologique contre\u00a0Fusarium oxysporum\u00a0f. sp.\u00a0cubense\u00a0race tropicale 4, agent pathog\u00e8ne de la fusariose du bananier.\u00a0Le jury a soulign\u00e9 que Serge avait fait &hellip; <a href=\"https:\/\/abte.eu\/index.php\/2018\/02\/09\/soutenance-de-these-de-serge-ouina\/\" class=\"more-link\">Continuer la lecture<span class=\"screen-reader-text\"> de &laquo;&nbsp;Soutenance de th\u00e8se de Serge OUINA&nbsp;&raquo;<\/span><\/a><\/p>\n","protected":false},"author":2,"featured_media":0,"comment_status":"closed","ping_status":"closed","sticky":false,"template":"","format":"standard","meta":{"footnotes":""},"categories":[9,3],"tags":[],"class_list":["post-589","post","type-post","status-publish","format-standard","hentry","category-soutenances-de-these","category-vie-de-lunite"],"_links":{"self":[{"href":"https:\/\/abte.eu\/index.php\/wp-json\/wp\/v2\/posts\/589","targetHints":{"allow":["GET"]}}],"collection":[{"href":"https:\/\/abte.eu\/index.php\/wp-json\/wp\/v2\/posts"}],"about":[{"href":"https:\/\/abte.eu\/index.php\/wp-json\/wp\/v2\/types\/post"}],"author":[{"embeddable":true,"href":"https:\/\/abte.eu\/index.php\/wp-json\/wp\/v2\/users\/2"}],"replies":[{"embeddable":true,"href":"https:\/\/abte.eu\/index.php\/wp-json\/wp\/v2\/comments?post=589"}],"version-history":[{"count":2,"href":"https:\/\/abte.eu\/index.php\/wp-json\/wp\/v2\/posts\/589\/revisions"}],"predecessor-version":[{"id":678,"href":"https:\/\/abte.eu\/index.php\/wp-json\/wp\/v2\/posts\/589\/revisions\/678"}],"wp:attachment":[{"href":"https:\/\/abte.eu\/index.php\/wp-json\/wp\/v2\/media?parent=589"}],"wp:term":[{"taxonomy":"category","embeddable":true,"href":"https:\/\/abte.eu\/index.php\/wp-json\/wp\/v2\/categories?post=589"},{"taxonomy":"post_tag","embeddable":true,"href":"https:\/\/abte.eu\/index.php\/wp-json\/wp\/v2\/tags?post=589"}],"curies":[{"name":"wp","href":"https:\/\/api.w.org\/{rel}","templated":true}]}}