{"id":2402,"date":"2024-10-04T09:16:34","date_gmt":"2024-10-04T07:16:34","guid":{"rendered":"https:\/\/abte.eu\/?p=2402"},"modified":"2024-11-07T11:40:09","modified_gmt":"2024-11-07T10:40:09","slug":"journee-de-la-federation-sesad","status":"publish","type":"post","link":"https:\/\/abte.eu\/index.php\/2024\/10\/04\/journee-de-la-federation-sesad\/","title":{"rendered":"Journ\u00e9e de la F\u00e9d\u00e9ration S\u00e9SAD"},"content":{"rendered":"\n<p>La 5\u00e8me Journ\u00e9e Scientifique de la F\u00e9d\u00e9ration de Recherche R\u00e9gionale \u00ab S\u00e9curit\u00e9 Sanitaire, Bien-\u00eatre et Aliments Durables \u00bb S\u00e9SAD, aura lieu le 21 novembre 2024 \u00e0 Caen (Campus 1).<\/p>\n\n\n\n<p>Inscription <a href=\"https:\/\/framadate.org\/OdyTTG6koDsquiZe\" target=\"_blank\" rel=\"noreferrer noopener\">ici<\/a>.<\/p>\n\n\n\n<div data-wp-interactive=\"core\/file\" class=\"wp-block-file\"><object data-wp-bind--hidden=\"!state.hasPdfPreview\" hidden class=\"wp-block-file__embed\" data=\"https:\/\/abte.eu\/wp-content\/uploads\/2024\/10\/ProgSESAD2024.pdf\" type=\"application\/pdf\" style=\"width:100%;height:600px\" aria-label=\"Contenu embarqu\u00e9 ProgSESAD2024.\"><\/object><a id=\"wp-block-file--media-4f3b2b06-830a-4b26-a3e8-c52b6f8fc66d\" href=\"https:\/\/abte.eu\/wp-content\/uploads\/2024\/10\/ProgSESAD2024.pdf\">ProgSESAD2024<\/a><a href=\"https:\/\/abte.eu\/wp-content\/uploads\/2024\/10\/ProgSESAD2024.pdf\" class=\"wp-block-file__button wp-element-button\" download aria-describedby=\"wp-block-file--media-4f3b2b06-830a-4b26-a3e8-c52b6f8fc66d\">T\u00e9l\u00e9charger<\/a><\/div>\n\n\n\n<p><\/p>\n","protected":false},"excerpt":{"rendered":"<p>La 5\u00e8me Journ\u00e9e Scientifique de la F\u00e9d\u00e9ration de Recherche R\u00e9gionale \u00ab S\u00e9curit\u00e9 Sanitaire, Bien-\u00eatre et Aliments Durables \u00bb S\u00e9SAD, aura lieu le 21 novembre 2024 \u00e0 Caen (Campus 1). Inscription ici.<\/p>\n","protected":false},"author":2,"featured_media":0,"comment_status":"closed","ping_status":"closed","sticky":false,"template":"","format":"standard","meta":{"footnotes":""},"categories":[7],"tags":[],"class_list":["post-2402","post","type-post","status-publish","format-standard","hentry","category-conferences"],"_links":{"self":[{"href":"https:\/\/abte.eu\/index.php\/wp-json\/wp\/v2\/posts\/2402","targetHints":{"allow":["GET"]}}],"collection":[{"href":"https:\/\/abte.eu\/index.php\/wp-json\/wp\/v2\/posts"}],"about":[{"href":"https:\/\/abte.eu\/index.php\/wp-json\/wp\/v2\/types\/post"}],"author":[{"embeddable":true,"href":"https:\/\/abte.eu\/index.php\/wp-json\/wp\/v2\/users\/2"}],"replies":[{"embeddable":true,"href":"https:\/\/abte.eu\/index.php\/wp-json\/wp\/v2\/comments?post=2402"}],"version-history":[{"count":7,"href":"https:\/\/abte.eu\/index.php\/wp-json\/wp\/v2\/posts\/2402\/revisions"}],"predecessor-version":[{"id":2426,"href":"https:\/\/abte.eu\/index.php\/wp-json\/wp\/v2\/posts\/2402\/revisions\/2426"}],"wp:attachment":[{"href":"https:\/\/abte.eu\/index.php\/wp-json\/wp\/v2\/media?parent=2402"}],"wp:term":[{"taxonomy":"category","embeddable":true,"href":"https:\/\/abte.eu\/index.php\/wp-json\/wp\/v2\/categories?post=2402"},{"taxonomy":"post_tag","embeddable":true,"href":"https:\/\/abte.eu\/index.php\/wp-json\/wp\/v2\/tags?post=2402"}],"curies":[{"name":"wp","href":"https:\/\/api.w.org\/{rel}","templated":true}]}}