{"id":1681,"date":"2021-10-14T17:04:23","date_gmt":"2021-10-14T15:04:23","guid":{"rendered":"https:\/\/abte.eu\/?p=1681"},"modified":"2021-10-20T16:56:07","modified_gmt":"2021-10-20T14:56:07","slug":"14-octobre-2021-journee-nationale-de-la-qualite-de-lair","status":"publish","type":"post","link":"https:\/\/abte.eu\/index.php\/2021\/10\/14\/14-octobre-2021-journee-nationale-de-la-qualite-de-lair\/","title":{"rendered":"14 octobre 2021 : Journ\u00e9e nationale de la qualit\u00e9 de l&rsquo;air"},"content":{"rendered":"\n<figure class=\"wp-block-image size-large is-resized\"><img loading=\"lazy\" decoding=\"async\" src=\"https:\/\/abte.eu\/wp-content\/uploads\/2021\/10\/journee_mondiale_qualiteair2021-1024x358.png\" alt=\"\" class=\"wp-image-1682\" width=\"540\" height=\"189\" srcset=\"https:\/\/abte.eu\/wp-content\/uploads\/2021\/10\/journee_mondiale_qualiteair2021-1024x358.png 1024w, https:\/\/abte.eu\/wp-content\/uploads\/2021\/10\/journee_mondiale_qualiteair2021-300x105.png 300w, https:\/\/abte.eu\/wp-content\/uploads\/2021\/10\/journee_mondiale_qualiteair2021-768x268.png 768w, https:\/\/abte.eu\/wp-content\/uploads\/2021\/10\/journee_mondiale_qualiteair2021-1536x537.png 1536w, https:\/\/abte.eu\/wp-content\/uploads\/2021\/10\/journee_mondiale_qualiteair2021-1200x419.png 1200w, https:\/\/abte.eu\/wp-content\/uploads\/2021\/10\/journee_mondiale_qualiteair2021.png 1642w\" sizes=\"auto, (max-width: 540px) 85vw, 540px\" \/><\/figure>\n\n\n\n<h3 class=\"wp-block-heading\">Le Projet Mold&rsquo;air (ABTE-ToxEMAC)<\/h3>\n\n\n<p>D\u00e9couvrez le projet Mold\u2019air (<a href=\"https:\/\/www.youtube.com\/watch?v=uE8NqW27_A0\" target=\"_blank\" rel=\"noopener\">Exposition en milieu int\u00e9rieur : \u00e9tude des bioa\u00e9rosols et effet des d\u00e9terminants climatiques sur le d\u00e9veloppement et la virulence fongique<\/a>) pr\u00e9sent\u00e9 par Antoine G\u00e9ry, doctorant en science de la vie et de la sant\u00e9 de l\u2019unit\u00e9 ABTE.<\/p>\n\n\n<p><a rel=\"noreferrer noopener\" href=\"https:\/\/www.unicaen.fr\/une-journee-sur-lair-que-nous-respirons\/\" target=\"_blank\">https:\/\/www.unicaen.fr\/une-journee-sur-lair-que-nous-respirons\/<\/a><\/p>\n\n\n\n<p><\/p>\n\n\n\n<p><\/p>\n","protected":false},"excerpt":{"rendered":"<p>Le Projet Mold&rsquo;air (ABTE-ToxEMAC) D\u00e9couvrez le projet Mold\u2019air (Exposition en milieu int\u00e9rieur : \u00e9tude des bioa\u00e9rosols et effet des d\u00e9terminants climatiques sur le d\u00e9veloppement et la virulence fongique) pr\u00e9sent\u00e9 par Antoine G\u00e9ry, doctorant en science de la vie et de la sant\u00e9 de l\u2019unit\u00e9 ABTE. https:\/\/www.unicaen.fr\/une-journee-sur-lair-que-nous-respirons\/<\/p>\n","protected":false},"author":3,"featured_media":0,"comment_status":"closed","ping_status":"closed","sticky":false,"template":"","format":"standard","meta":{"footnotes":""},"categories":[7,8],"tags":[],"class_list":["post-1681","post","type-post","status-publish","format-standard","hentry","category-conferences","category-programmes-de-recherche"],"_links":{"self":[{"href":"https:\/\/abte.eu\/index.php\/wp-json\/wp\/v2\/posts\/1681","targetHints":{"allow":["GET"]}}],"collection":[{"href":"https:\/\/abte.eu\/index.php\/wp-json\/wp\/v2\/posts"}],"about":[{"href":"https:\/\/abte.eu\/index.php\/wp-json\/wp\/v2\/types\/post"}],"author":[{"embeddable":true,"href":"https:\/\/abte.eu\/index.php\/wp-json\/wp\/v2\/users\/3"}],"replies":[{"embeddable":true,"href":"https:\/\/abte.eu\/index.php\/wp-json\/wp\/v2\/comments?post=1681"}],"version-history":[{"count":5,"href":"https:\/\/abte.eu\/index.php\/wp-json\/wp\/v2\/posts\/1681\/revisions"}],"predecessor-version":[{"id":1687,"href":"https:\/\/abte.eu\/index.php\/wp-json\/wp\/v2\/posts\/1681\/revisions\/1687"}],"wp:attachment":[{"href":"https:\/\/abte.eu\/index.php\/wp-json\/wp\/v2\/media?parent=1681"}],"wp:term":[{"taxonomy":"category","embeddable":true,"href":"https:\/\/abte.eu\/index.php\/wp-json\/wp\/v2\/categories?post=1681"},{"taxonomy":"post_tag","embeddable":true,"href":"https:\/\/abte.eu\/index.php\/wp-json\/wp\/v2\/tags?post=1681"}],"curies":[{"name":"wp","href":"https:\/\/api.w.org\/{rel}","templated":true}]}}