{"id":1537,"date":"2021-02-22T12:02:24","date_gmt":"2021-02-22T11:02:24","guid":{"rendered":"https:\/\/abte.eu\/?p=1537"},"modified":"2021-02-22T14:29:05","modified_gmt":"2021-02-22T13:29:05","slug":"soutenance-de-these-de-boris-misery","status":"publish","type":"post","link":"https:\/\/abte.eu\/index.php\/2021\/02\/22\/soutenance-de-these-de-boris-misery\/","title":{"rendered":"Soutenance de th\u00e8se de Boris Misery"},"content":{"rendered":"\n<p>Boris Misery soutiendra sa th\u00e8se intitul\u00e9e \u00ab\u00a0\u00c9tude des \u00e9cosyst\u00e8mes microbiens cidricoles\u00a0: quel impact sur la qualit\u00e9 organoleptique\u00a0?\u00a0\u00bb le jeudi 25 f\u00e9vrier 2021.<\/p>\n\n\n\n<p>Ces travaux de th\u00e8se, dirig\u00e9s par Jean-Marie Laplace et Marina Cretenet, ont pour objectif d\u2019apporter une r\u00e9elle nouveaut\u00e9 dans l\u2019\u00e9tude de la diversit\u00e9 de dix cidres de distillation normands lors de la fermentation par une approche de m\u00e9tag\u00e9n\u00e9tique et d\u2019\u00e9tablir des liens entre la composition microbienne et la qualit\u00e9 aromatique.<\/p>\n\n\n\n<figure class=\"wp-block-image size-large\"><img loading=\"lazy\" decoding=\"async\" width=\"800\" height=\"531\" src=\"https:\/\/abte.eu\/wp-content\/uploads\/2021\/02\/Image1-1.jpg\" alt=\"\" class=\"wp-image-1539\" srcset=\"https:\/\/abte.eu\/wp-content\/uploads\/2021\/02\/Image1-1.jpg 800w, https:\/\/abte.eu\/wp-content\/uploads\/2021\/02\/Image1-1-300x199.jpg 300w, https:\/\/abte.eu\/wp-content\/uploads\/2021\/02\/Image1-1-768x510.jpg 768w\" sizes=\"auto, (max-width: 709px) 85vw, (max-width: 909px) 67vw, (max-width: 984px) 61vw, (max-width: 1362px) 45vw, 600px\" \/><\/figure>\n","protected":false},"excerpt":{"rendered":"<p>Boris Misery soutiendra sa th\u00e8se intitul\u00e9e \u00ab\u00a0\u00c9tude des \u00e9cosyst\u00e8mes microbiens cidricoles\u00a0: quel impact sur la qualit\u00e9 organoleptique\u00a0?\u00a0\u00bb le jeudi 25 f\u00e9vrier 2021. Ces travaux de th\u00e8se, dirig\u00e9s par Jean-Marie Laplace et Marina Cretenet, ont pour objectif d\u2019apporter une r\u00e9elle nouveaut\u00e9 dans l\u2019\u00e9tude de la diversit\u00e9 de dix cidres de distillation normands lors de la fermentation &hellip; <a href=\"https:\/\/abte.eu\/index.php\/2021\/02\/22\/soutenance-de-these-de-boris-misery\/\" class=\"more-link\">Continuer la lecture<span class=\"screen-reader-text\"> de &laquo;&nbsp;Soutenance de th\u00e8se de Boris Misery&nbsp;&raquo;<\/span><\/a><\/p>\n","protected":false},"author":1,"featured_media":0,"comment_status":"closed","ping_status":"closed","sticky":false,"template":"","format":"standard","meta":{"footnotes":""},"categories":[9],"tags":[],"class_list":["post-1537","post","type-post","status-publish","format-standard","hentry","category-soutenances-de-these"],"_links":{"self":[{"href":"https:\/\/abte.eu\/index.php\/wp-json\/wp\/v2\/posts\/1537","targetHints":{"allow":["GET"]}}],"collection":[{"href":"https:\/\/abte.eu\/index.php\/wp-json\/wp\/v2\/posts"}],"about":[{"href":"https:\/\/abte.eu\/index.php\/wp-json\/wp\/v2\/types\/post"}],"author":[{"embeddable":true,"href":"https:\/\/abte.eu\/index.php\/wp-json\/wp\/v2\/users\/1"}],"replies":[{"embeddable":true,"href":"https:\/\/abte.eu\/index.php\/wp-json\/wp\/v2\/comments?post=1537"}],"version-history":[{"count":3,"href":"https:\/\/abte.eu\/index.php\/wp-json\/wp\/v2\/posts\/1537\/revisions"}],"predecessor-version":[{"id":1541,"href":"https:\/\/abte.eu\/index.php\/wp-json\/wp\/v2\/posts\/1537\/revisions\/1541"}],"wp:attachment":[{"href":"https:\/\/abte.eu\/index.php\/wp-json\/wp\/v2\/media?parent=1537"}],"wp:term":[{"taxonomy":"category","embeddable":true,"href":"https:\/\/abte.eu\/index.php\/wp-json\/wp\/v2\/categories?post=1537"},{"taxonomy":"post_tag","embeddable":true,"href":"https:\/\/abte.eu\/index.php\/wp-json\/wp\/v2\/tags?post=1537"}],"curies":[{"name":"wp","href":"https:\/\/api.w.org\/{rel}","templated":true}]}}